{"id":2484,"date":"2023-05-22T21:07:40","date_gmt":"2023-05-22T19:07:40","guid":{"rendered":"https:\/\/feel-well.ch\/laloe-vera-veritable-allie-de-votre-organisme\/"},"modified":"2024-04-27T23:08:44","modified_gmt":"2024-04-27T21:08:44","slug":"l-aloe-vera-un-vero-alleato-per-il-corpo","status":"publish","type":"post","link":"https:\/\/feel-well.ch\/it\/l-aloe-vera-un-vero-alleato-per-il-corpo\/","title":{"rendered":"L&#8217;aloe vera, un vero alleato per il corpo"},"content":{"rendered":"\n<h2 class=\"wp-block-heading  \">Che cos&#8217;\u00e8 l&#8217;aloe vera?<\/h2>\n\n\n\n<p class=\"\">L&#8217;Aloe vera \u00e8 una pianta grassa appartenente alla famiglia delle Liliacee, originaria dell&#8217;Africa settentrionale e orientale. Questa pianta \u00e8 stata utilizzata per migliaia di anni per le sue propriet\u00e0 medicinali e i suoi benefici per la salute.<\/p>\n\n\n\n<p class=\"\">La pianta di aloe vera \u00e8 costituita da foglie spesse e carnose che contengono un gel trasparente e viscoso. Questo gel \u00e8 ricco di vitamine, minerali, aminoacidi e altri componenti benefici per la salute. L&#8217;aloe vera \u00e8 utilizzata in particolare per le sue propriet\u00e0 antinfiammatorie, antisettiche, idratanti e cicatrizzanti. Viene spesso utilizzata per trattare ustioni, scottature e altre patologie della pelle. L&#8217;applicazione del gel di aloe vera sulla pelle pu\u00f2 aiutare a ridurre l&#8217;infiammazione e l&#8217;irritazione, oltre a favorire la guarigione delle ferite. L&#8217;aloe vera \u00e8 anche usata per trattare acne, eczema, psoriasi e altre condizioni della pelle.<\/p>\n\n\n\n<p class=\"\">Inoltre, questa pianta grassa viene spesso utilizzata per favorire la digestione e alleviare i sintomi della stitichezza. Pu\u00f2 aiutare a lenire le irritazioni dello stomaco e dell&#8217;intestino, oltre a stimolare la produzione di succhi digestivi.<\/p>\n\n\n\n<p class=\"\">Infine, viene utilizzato anche in cosmetica per le sue propriet\u00e0 idratanti e anti-invecchiamento. Molti prodotti per la cura della pelle e dei capelli contengono aloe vera che aiuta a idratare e nutrire la pelle e i capelli, oltre a ridurre i segni dell&#8217;invecchiamento.<\/p>\n\n\n\n<h2 class=\"wp-block-heading  \">I benefici dell&#8217;aloe vera per la salute<\/h2>\n\n\n\n<ol style=\"list-style-type:1\" class=\"c-list wp-block-list\">\n<li class=\"\">Aiuta la digestione: l&#8217;aloe vera \u00e8 spesso usata per alleviare i problemi digestivi come la stitichezza e il gonfiore. Il gel di aloe vera pu\u00f2 aiutare a lenire l&#8217;irritazione dello stomaco e dell&#8217;intestino, oltre a stimolare la produzione di succhi digestivi. Pu\u00f2 anche aiutare a ridurre l&#8217;infiammazione e a promuovere la guarigione delle ulcere gastriche.<\/li>\n\n\n\n<li class=\"\">Migliora la salute della pelle: questa pianta viene spesso utilizzata per trattare problemi della pelle come acne, eczema e psoriasi. Il suo gel aiuta a ridurre l&#8217;infiammazione e l&#8217;irritazione della pelle, oltre a favorire la guarigione di ferite e ustioni. \u00c8 una buona soluzione per idratare la pelle e ridurre i segni dell&#8217;invecchiamento, come rughe e macchie brune.<\/li>\n\n\n\n<li class=\"\">Rafforza il sistema immunitario: ricca di antiossidanti e nutrienti, l&#8217;aloe vera rafforza il sistema immunitario. Gli antiossidanti aiutano a proteggere il corpo dai radicali liberi, che possono causare danni alle cellule e portare a malattie croniche.<\/li>\n\n\n\n<li class=\"\">Favorisce la perdita di peso: l&#8217;aloe vera \u00e8 anche un alleato della perdita di peso, poich\u00e9 migliora la digestione e riduce l&#8217;infiammazione. Quando l&#8217;infiammazione \u00e8 ridotta, pu\u00f2 aiutare a ridurre il desiderio di zuccheri, contribuendo cos\u00ec a una sana perdita di peso.<\/li>\n\n\n\n<li class=\"\">Riduce i livelli di zucchero nel sangue: infine, l&#8217;aloe vera aiuta a ridurre i livelli di zucchero nel sangue migliorando la sensibilit\u00e0 all&#8217;insulina. Una migliore regolazione dell&#8217;insulina pu\u00f2 contribuire a ridurre il rischio di sviluppare malattie croniche come il diabete di tipo 2.<\/li>\n<\/ol>\n\n\n\n<p class=\"\">Nel complesso, l&#8217;aloe vera \u00e8 una pianta ricca di sostanze nutritive e di benefici per la salute. Pu\u00f2 aiutare a favorire la digestione, migliorare la salute della pelle, rafforzare il sistema immunitario, promuovere la perdita di peso e ridurre i livelli di zucchero nel sangue. Con i suoi numerosi benefici per la salute, non c&#8217;\u00e8 da stupirsi che l&#8217;aloe vera sia cos\u00ec popolare in tutto il mondo.<\/p>\n\n\n\n<h2 class=\"wp-block-heading  \">Aloe vera per la pelle<\/h2>\n\n\n\n<p class=\"\">Le propriet\u00e0 idratanti, lenitive e nutrienti dell&#8217;Aloe vera la rendono un ingrediente eccellente per i prodotti per la cura della pelle, in particolare per la cura del viso.<\/p>\n\n\n\n<p class=\"\">Scoprite perch\u00e9 l&#8217;aloe vera \u00e8 utile per la cura della pelle:<\/p>\n\n\n\n<ul class=\"c-list wp-block-list\">\n<li class=\"\">Idrata la pelle: l&#8217;aloe vera \u00e8 ricca di polisaccaridi, che agiscono come idratanti naturali per la pelle. Applicarla sul viso pu\u00f2 aiutare a idratare e ammorbidire la pelle secca.<\/li>\n\n\n\n<li class=\"\">Lenisce la pelle sensibile: ha propriet\u00e0 lenitive e antinfiammatorie che calmano la pelle sensibile e irritata. Per questo motivo \u00e8 spesso consigliato come trattamento per acne, eruzioni cutanee e scottature solari.<\/li>\n\n\n\n<li class=\"\">Nutre profondamente la pelle: l&#8217;aloe vera contiene vitamine e minerali essenziali, come la vitamina E, lo zinco e il magnesio, che possono contribuire a nutrire profondamente la pelle. Questi nutrienti aiutano a mantenere la pelle sana e a prevenire i segni dell&#8217;invecchiamento precoce.<\/li>\n\n\n\n<li class=\"\">Riduce macchie e cicatrici: l&#8217;applicazione regolare di aloe vera pu\u00f2 aiutare a uniformare il tono della pelle e a ridurre la comparsa di cicatrici da acne.<\/li>\n\n\n\n<li class=\"\">Stimola la produzione di collagene: il collagene \u00e8 una proteina essenziale per la pelle che aiuta a mantenerne la compattezza e l&#8217;elasticit\u00e0. L&#8217;aloe vera contiene aminoacidi che possono aiutare a stimolare la produzione di collagene nella pelle.<\/li>\n\n\n\n<li class=\"\">Protegge la pelle dai radicali liberi: \u00e8 anche ricca di antiossidanti, che possono aiutare a proteggere la pelle dai radicali liberi. I radicali liberi sono molecole instabili che danneggiano le cellule della pelle e possono contribuire all&#8217;invecchiamento precoce.<\/li>\n<\/ul>\n\n\n\n<p class=\"\">Ci\u00f2 rende l&#8217;aloe vera un ingrediente eccellente per i prodotti per la cura della pelle, in particolare per la cura del viso. Se volete idratare, lenire o nutrire la vostra pelle, l&#8217;aloe vera pu\u00f2 aiutarvi a raggiungere i vostri obiettivi. Provate a integrare l&#8217;aloe vera nella vostra routine di cura della pelle e noterete un miglioramento nell&#8217;aspetto e nella salute della vostra pelle.<\/p>\n\n\n\n<figure class=\"wp-block-gallery has-nested-images columns-default is-cropped wp-block-gallery-1\">\n<figure class=\"wp-block-image size-large  \"><img loading=\"lazy\" decoding=\"async\" width=\"1024\" height=\"683\" data-id=\"537\" src=\"https:\/\/feel-well.ch\/wp-content\/uploads\/2023\/05\/feel-well-aloe-vera-2-1024x683.jpg\" alt=\"Feel Well Aloe Vera 2\" class=\"wp-image-537\" srcset=\"https:\/\/feel-well.ch\/wp-content\/uploads\/2023\/05\/feel-well-aloe-vera-2-1024x683.jpg 1024w, https:\/\/feel-well.ch\/wp-content\/uploads\/2023\/05\/feel-well-aloe-vera-2-300x200.jpg 300w, https:\/\/feel-well.ch\/wp-content\/uploads\/2023\/05\/feel-well-aloe-vera-2-768x512.jpg 768w, https:\/\/feel-well.ch\/wp-content\/uploads\/2023\/05\/feel-well-aloe-vera-2-1536x1024.jpg 1536w, https:\/\/feel-well.ch\/wp-content\/uploads\/2023\/05\/feel-well-aloe-vera-2-2048x1365.jpg 2048w\" sizes=\"(max-width: 1024px) 100vw, 1024px\" \/><\/figure>\n\n\n\n<figure class=\"wp-block-image size-large  \"><img loading=\"lazy\" decoding=\"async\" width=\"1024\" height=\"595\" data-id=\"539\" src=\"https:\/\/feel-well.ch\/wp-content\/uploads\/2023\/05\/feel-well-aloe-vera-3-1024x595.jpg\" alt=\"Feel Well Aloe Vera 3\" class=\"wp-image-539\" srcset=\"https:\/\/feel-well.ch\/wp-content\/uploads\/2023\/05\/feel-well-aloe-vera-3-1024x595.jpg 1024w, https:\/\/feel-well.ch\/wp-content\/uploads\/2023\/05\/feel-well-aloe-vera-3-300x174.jpg 300w, https:\/\/feel-well.ch\/wp-content\/uploads\/2023\/05\/feel-well-aloe-vera-3-768x446.jpg 768w, https:\/\/feel-well.ch\/wp-content\/uploads\/2023\/05\/feel-well-aloe-vera-3-1536x892.jpg 1536w, https:\/\/feel-well.ch\/wp-content\/uploads\/2023\/05\/feel-well-aloe-vera-3-2048x1189.jpg 2048w\" sizes=\"(max-width: 1024px) 100vw, 1024px\" \/><\/figure>\n<\/figure>\n\n\n\n<h2 class=\"wp-block-heading  \">Aloe vera per i capelli<\/h2>\n\n\n\n<p class=\"\">Oltre alle sue propriet\u00e0 benefiche per la pelle, l&#8217;aloe vera vi aiuter\u00e0 a migliorare la salute e l&#8217;aspetto dei vostri capelli.<\/p>\n\n\n\n<ul class=\"c-list wp-block-list\">\n<li class=\"\">Idrata i capelli: come per la pelle, l&#8217;applicazione di aloe vera sui capelli pu\u00f2 contribuire a idratarli e a renderli pi\u00f9 morbidi.<\/li>\n\n\n\n<li class=\"\">Nutre profondamente i capelli: l&#8217;aloe vera \u00e8 anche ricca di vitamine e minerali essenziali, come la vitamina E e lo zinco, che possono contribuire a nutrire profondamente i capelli. Questi nutrienti aiutano a mantenere i capelli sani e a prevenire le doppie punte.<\/li>\n\n\n\n<li class=\"\">Favorisce la crescita dei capelli: contiene enzimi che stimolano la crescita dei capelli. Questi enzimi aiutano a eliminare le cellule morte dal cuoio capelluto, favorendo una migliore circolazione sanguigna e una crescita pi\u00f9 rapida dei capelli.<\/li>\n\n\n\n<li class=\"\">Riduce il prurito del cuoio capelluto: l&#8217;aloe vera ha propriet\u00e0 lenitive e antinfiammatorie che possono contribuire ad alleviare il prurito del cuoio capelluto. Per questo motivo viene spesso utilizzata per trattare problemi di cuoio capelluto secco e irritato.<\/li>\n\n\n\n<li class=\"\">Ripara i capelli danneggiati: contiene anche aminoacidi che possono aiutare a riparare i capelli danneggiati e fragili. Pu\u00f2 aiutare a rafforzare la struttura dei capelli e a prevenirne la rottura.<\/li>\n\n\n\n<li class=\"\">Riequilibra il pH del cuoio capelluto: infine, ha un pH neutro, che lo rende ideale per equilibrare il pH del cuoio capelluto. Un cuoio capelluto equilibrato pu\u00f2 aiutare a prevenire la forfora e i capelli grassi.<\/li>\n<\/ul>\n\n\n\n<p class=\"\">Incorporando l&#8217;aloe vera nella vostra routine di cura dei capelli, potete contribuire a idratarli, nutrirli e rinforzarli, promuovendone al contempo la crescita. Provate ad applicare una maschera per capelli all&#8217;aloe vera una volta alla settimana per trarne beneficio. Nei negozi di prodotti per la cura dei capelli potete trovare anche shampoo e balsami a base di aloe vera per aggiungere questo super ingrediente alla vostra routine quotidiana.<\/p>\n\n\n\n<h2 class=\"wp-block-heading  \">Gli svantaggi dell&#8217;aloe vera<\/h2>\n\n\n\n<p class=\"\">Sebbene l&#8217;aloe vera sia nota per i suoi numerosi benefici per la salute, \u00e8 importante ricordare che per alcune persone pu\u00f2 avere anche alcuni svantaggi. Se state pensando di utilizzare l&#8217;aloe vera per i suoi benefici per la salute, \u00e8 importante consultare il vostro medico e scegliere un prodotto di qualit\u00e0 per evitare qualsiasi rischio di effetti negativi.<\/p>\n\n\n\n<p class=\"\">Ecco alcuni degli svantaggi dell&#8217;aloe vera:<\/p>\n\n\n\n<ul class=\"c-list wp-block-list\">\n<li class=\"\">Risk of allergic reaction: As with any natural product, some people may be allergic to aloe vera. Symptoms of an allergic reaction can include redness, itching, rashes and breathing difficulties. If you are allergic to plants in the Liliaceae family, it is recommended that you avoid using aloe vera.<\/li>\n\n\n\n<li class=\"\">Laxative effects: Aloe vera can have laxative effects if consumed in large quantities. This can lead to diarrhea, stomach cramps and nausea. It is important to follow recommended doses to avoid any adverse effects.<\/li>\n\n\n\n<li class=\"\">Drug interactions: It may interact with certain drugs, notably anti-diabetic and heart medications. If you are taking medication, it is important to consult your doctor before consuming aloe vera.<\/li>\n\n\n\n<li class=\"\">Adverse skin reactions: When applied to the skin, aloe vera gel can sometimes cause irritation, redness and itching. It&#8217;s important to do a patch test before using aloe vera on a large area of skin.<\/li>\n\n\n\n<li class=\"\">Bacterial contamination: When aloe vera is extracted from the leaves, it can be contaminated by bacteria, mold or other pathogens. It is therefore important to choose a quality product to avoid any risk of contamination.<\/li>\n<\/ul>\n\n\n\n<h2 class=\"wp-block-heading  \">Our advice on using aloe vera properly<\/h2>\n\n\n\n<ul class=\"c-list wp-block-list\">\n<li class=\"\">Choosing a quality product: If you want to use aloe vera for its health benefits, it&#8217;s important to choose a quality product. You can buy it in gel, juice, capsule or powder form. Be sure to choose a high-quality, organic product for best results.<\/li>\n\n\n\n<li class=\"\">Use pure aloe vera gel: If you have an aloe vera plant at home, you can extract the gel from its leaves for immediate use. Simply cut a leaf and remove the gel-like pulp. Pure aloe vera gel can be applied directly to the skin to relieve burns, rashes and other irritations.<\/li>\n\n\n\n<li class=\"\">Use aloe vera in skin care: Aloe vera gel can be added to your skin care routine to moisturize and soothe the skin. You can use it as a face mask or as a moisturizing body lotion. Aloe vera can also be blended with other natural ingredients to create personalized skin care products.<\/li>\n\n\n\n<li class=\"\">Juice aloe vera: Aloe vera juice can be consumed for its health benefits. It is often blended with other fruit juices to create tasty, healthy drinks. It is advisable to consume aloe vera juice in small quantities to avoid any laxative effect.<\/li>\n\n\n\n<li class=\"\">Follow recommended dosages: If you take aloe vera supplements in capsule or powder form, be sure to follow the dosage instructions recommended on the packaging. It&#8217;s important not to exceed the recommended dosage to avoid undesirable side effects.<\/li>\n<\/ul>\n\n\n\n<p class=\"\">In short, aloe vera can be used in a variety of ways to enjoy its health benefits. Whether it&#8217;s for the skin, digestion or immune system, it&#8217;s important to choose a quality product and respect the recommended dosages for best results.<\/p>\n\n\n\n<h2 class=\"wp-block-heading  \">How to care for aloe vera at home?<\/h2>\n\n\n\n<p class=\"\">Aloe vera is an easy-care, hardy plant that can be grown both indoors and outdoors. So you can easily look after it, even if you don&#8217;t have a green thumb. To help you, here are a few tips on how to care for your aloe vera at home:<\/p>\n\n\n\n<ol style=\"list-style-type:1\" class=\"c-list wp-block-list\">\n<li class=\"\">Choose a suitable location: This plant needs exposure to direct sunlight for at least 6 hours a day. So choose a bright, sunny spot for your plant.<\/li>\n\n\n\n<li class=\"\">Use a well-draining potting soil: Choose a well-draining potting soil, such as a mixture of potting soil and sand, to facilitate drainage.<\/li>\n\n\n\n<li class=\"\">Water regularly but sparingly: Aloe vera doesn&#8217;t need to be watered frequently, as it is able to store water in its fleshy leaves. Wait until the potting soil has dried before watering your plant, and then water it sparingly.<\/li>\n\n\n\n<li class=\"\">Avoid excess water: Your plant can rot if its roots are left in water for too long. So make sure your pot has a drainage hole to remove excess water.<\/li>\n\n\n\n<li class=\"\">Trim dead leaves: Dead leaves can be trimmed with clean scissors to encourage new leaf growth.<\/li>\n\n\n\n<li class=\"\">Fertilize your plant: Aloe vera can benefit from a diluted liquid fertilizer every month during the growing season (March to September).<\/li>\n\n\n\n<li class=\"\">Watch out for pests and diseases: Mealybugs and mites can attack leaves, so it&#8217;s important to monitor your plant regularly and treat any infestation or disease promptly.<\/li>\n<\/ol>\n\n\n\n<p class=\"\">By following these tips, you can easily maintain your aloe vera at home and enjoy its many health benefits.<\/p>\n","protected":false},"excerpt":{"rendered":"<p>Che cos&#8217;\u00e8 l&#8217;aloe vera? L&#8217;Aloe vera \u00e8 una pianta grassa appartenente alla famiglia delle Liliacee, originaria dell&#8217;Africa settentrionale e orientale. Questa pianta \u00e8 stata utilizzata per migliaia di anni per le sue propriet\u00e0 medicinali e i suoi benefici per la&hellip;<\/p>\n","protected":false},"author":1,"featured_media":2485,"comment_status":"open","ping_status":"open","sticky":false,"template":"","format":"standard","meta":{"_acf_changed":false,"_habefastfse_class":"","footnotes":""},"categories":[114],"tags":[],"class_list":["post-2484","post","type-post","status-publish","format-standard","has-post-thumbnail","hentry","category-informazioni-aggiuntive"],"acf":[],"yoast_head":"<!-- This site is optimized with the Yoast SEO plugin v27.3 - https:\/\/yoast.com\/product\/yoast-seo-wordpress\/ -->\n<title>En suivant ces conseils, vous pourrez facilement entretenir votre aloe vera \u00e0 la maison et profiter de ses nombreux bienfaits pour la sant\u00e9.<\/title>\n<meta name=\"description\" content=\"Feel Well blog - Discover aloe vera, a plant used for its medicinal properties, and its multiple benefits for health, skin and hair.\" \/>\n<meta name=\"robots\" content=\"index, follow, max-snippet:-1, max-image-preview:large, max-video-preview:-1\" \/>\n<link rel=\"canonical\" href=\"https:\/\/feel-well.ch\/it\/l-aloe-vera-un-vero-alleato-per-il-corpo\/\" \/>\n<meta property=\"og:locale\" content=\"it_IT\" \/>\n<meta property=\"og:type\" content=\"article\" \/>\n<meta property=\"og:title\" content=\"En suivant ces conseils, vous pourrez facilement entretenir votre aloe vera \u00e0 la maison et profiter de ses nombreux bienfaits pour la sant\u00e9.\" \/>\n<meta property=\"og:description\" content=\"Feel Well blog - Discover aloe vera, a plant used for its medicinal properties, and its multiple benefits for health, skin and hair.\" \/>\n<meta property=\"og:url\" content=\"https:\/\/feel-well.ch\/it\/l-aloe-vera-un-vero-alleato-per-il-corpo\/\" \/>\n<meta property=\"og:site_name\" content=\"Feel Well\" \/>\n<meta property=\"article:published_time\" content=\"2023-05-22T19:07:40+00:00\" \/>\n<meta property=\"article:modified_time\" content=\"2024-04-27T21:08:44+00:00\" \/>\n<meta property=\"og:image\" content=\"https:\/\/feel-well.ch\/wp-content\/uploads\/2023\/05\/feel-well-aloe-vera-1-scaled.jpg\" \/>\n\t<meta property=\"og:image:width\" content=\"1707\" \/>\n\t<meta property=\"og:image:height\" content=\"2560\" \/>\n\t<meta property=\"og:image:type\" content=\"image\/jpeg\" \/>\n<meta name=\"author\" content=\"Thomas\" \/>\n<meta name=\"twitter:card\" content=\"summary_large_image\" \/>\n<meta name=\"twitter:label1\" content=\"Scritto da\" \/>\n\t<meta name=\"twitter:data1\" content=\"Thomas\" \/>\n\t<meta name=\"twitter:label2\" content=\"Tempo di lettura stimato\" \/>\n\t<meta name=\"twitter:data2\" content=\"11 minuti\" \/>\n<script type=\"application\/ld+json\" class=\"yoast-schema-graph\">{\"@context\":\"https:\\\/\\\/schema.org\",\"@graph\":[{\"@type\":\"Article\",\"@id\":\"https:\\\/\\\/feel-well.ch\\\/it\\\/l-aloe-vera-un-vero-alleato-per-il-corpo\\\/#article\",\"isPartOf\":{\"@id\":\"https:\\\/\\\/feel-well.ch\\\/it\\\/l-aloe-vera-un-vero-alleato-per-il-corpo\\\/\"},\"author\":{\"name\":\"Thomas\",\"@id\":\"https:\\\/\\\/feel-well.ch\\\/it\\\/#\\\/schema\\\/person\\\/89367ff32d9b0a6da660911d9c981c11\"},\"headline\":\"L&#8217;aloe vera, un vero alleato per il corpo\",\"datePublished\":\"2023-05-22T19:07:40+00:00\",\"dateModified\":\"2024-04-27T21:08:44+00:00\",\"mainEntityOfPage\":{\"@id\":\"https:\\\/\\\/feel-well.ch\\\/it\\\/l-aloe-vera-un-vero-alleato-per-il-corpo\\\/\"},\"wordCount\":1965,\"commentCount\":0,\"image\":{\"@id\":\"https:\\\/\\\/feel-well.ch\\\/it\\\/l-aloe-vera-un-vero-alleato-per-il-corpo\\\/#primaryimage\"},\"thumbnailUrl\":\"https:\\\/\\\/feel-well.ch\\\/wp-content\\\/uploads\\\/2023\\\/05\\\/feel-well-aloe-vera-1-scaled.jpg\",\"articleSection\":[\"Informazioni aggiuntive\"],\"inLanguage\":\"it-IT\",\"potentialAction\":[{\"@type\":\"CommentAction\",\"name\":\"Comment\",\"target\":[\"https:\\\/\\\/feel-well.ch\\\/it\\\/l-aloe-vera-un-vero-alleato-per-il-corpo\\\/#respond\"]}]},{\"@type\":\"WebPage\",\"@id\":\"https:\\\/\\\/feel-well.ch\\\/it\\\/l-aloe-vera-un-vero-alleato-per-il-corpo\\\/\",\"url\":\"https:\\\/\\\/feel-well.ch\\\/it\\\/l-aloe-vera-un-vero-alleato-per-il-corpo\\\/\",\"name\":\"En suivant ces conseils, vous pourrez facilement entretenir votre aloe vera \u00e0 la maison et profiter de ses nombreux bienfaits pour la sant\u00e9.\",\"isPartOf\":{\"@id\":\"https:\\\/\\\/feel-well.ch\\\/it\\\/#website\"},\"primaryImageOfPage\":{\"@id\":\"https:\\\/\\\/feel-well.ch\\\/it\\\/l-aloe-vera-un-vero-alleato-per-il-corpo\\\/#primaryimage\"},\"image\":{\"@id\":\"https:\\\/\\\/feel-well.ch\\\/it\\\/l-aloe-vera-un-vero-alleato-per-il-corpo\\\/#primaryimage\"},\"thumbnailUrl\":\"https:\\\/\\\/feel-well.ch\\\/wp-content\\\/uploads\\\/2023\\\/05\\\/feel-well-aloe-vera-1-scaled.jpg\",\"datePublished\":\"2023-05-22T19:07:40+00:00\",\"dateModified\":\"2024-04-27T21:08:44+00:00\",\"author\":{\"@id\":\"https:\\\/\\\/feel-well.ch\\\/it\\\/#\\\/schema\\\/person\\\/89367ff32d9b0a6da660911d9c981c11\"},\"description\":\"Feel Well blog - Discover aloe vera, a plant used for its medicinal properties, and its multiple benefits for health, skin and hair.\",\"breadcrumb\":{\"@id\":\"https:\\\/\\\/feel-well.ch\\\/it\\\/l-aloe-vera-un-vero-alleato-per-il-corpo\\\/#breadcrumb\"},\"inLanguage\":\"it-IT\",\"potentialAction\":[{\"@type\":\"ReadAction\",\"target\":[\"https:\\\/\\\/feel-well.ch\\\/it\\\/l-aloe-vera-un-vero-alleato-per-il-corpo\\\/\"]}]},{\"@type\":\"ImageObject\",\"inLanguage\":\"it-IT\",\"@id\":\"https:\\\/\\\/feel-well.ch\\\/it\\\/l-aloe-vera-un-vero-alleato-per-il-corpo\\\/#primaryimage\",\"url\":\"https:\\\/\\\/feel-well.ch\\\/wp-content\\\/uploads\\\/2023\\\/05\\\/feel-well-aloe-vera-1-scaled.jpg\",\"contentUrl\":\"https:\\\/\\\/feel-well.ch\\\/wp-content\\\/uploads\\\/2023\\\/05\\\/feel-well-aloe-vera-1-scaled.jpg\",\"width\":1707,\"height\":2560},{\"@type\":\"BreadcrumbList\",\"@id\":\"https:\\\/\\\/feel-well.ch\\\/it\\\/l-aloe-vera-un-vero-alleato-per-il-corpo\\\/#breadcrumb\",\"itemListElement\":[{\"@type\":\"ListItem\",\"position\":1,\"name\":\"Accueil\",\"item\":\"https:\\\/\\\/feel-well.ch\\\/it\\\/\"},{\"@type\":\"ListItem\",\"position\":2,\"name\":\"L&rsquo;aloe vera, un vero alleato per il corpo\"}]},{\"@type\":\"WebSite\",\"@id\":\"https:\\\/\\\/feel-well.ch\\\/it\\\/#website\",\"url\":\"https:\\\/\\\/feel-well.ch\\\/it\\\/\",\"name\":\"Feel Well\",\"description\":\"\",\"potentialAction\":[{\"@type\":\"SearchAction\",\"target\":{\"@type\":\"EntryPoint\",\"urlTemplate\":\"https:\\\/\\\/feel-well.ch\\\/it\\\/?s={search_term_string}\"},\"query-input\":{\"@type\":\"PropertyValueSpecification\",\"valueRequired\":true,\"valueName\":\"search_term_string\"}}],\"inLanguage\":\"it-IT\"},{\"@type\":\"Person\",\"@id\":\"https:\\\/\\\/feel-well.ch\\\/it\\\/#\\\/schema\\\/person\\\/89367ff32d9b0a6da660911d9c981c11\",\"name\":\"Thomas\",\"image\":{\"@type\":\"ImageObject\",\"inLanguage\":\"it-IT\",\"@id\":\"https:\\\/\\\/secure.gravatar.com\\\/avatar\\\/c25c64dba12d0ee1fea0f51bf0ac6a87070e029b8663b9125072d064c6414f92?s=96&d=mm&r=g\",\"url\":\"https:\\\/\\\/secure.gravatar.com\\\/avatar\\\/c25c64dba12d0ee1fea0f51bf0ac6a87070e029b8663b9125072d064c6414f92?s=96&d=mm&r=g\",\"contentUrl\":\"https:\\\/\\\/secure.gravatar.com\\\/avatar\\\/c25c64dba12d0ee1fea0f51bf0ac6a87070e029b8663b9125072d064c6414f92?s=96&d=mm&r=g\",\"caption\":\"Thomas\"},\"sameAs\":[\"https:\\\/\\\/feel-well.ch\"]}]}<\/script>\n<!-- \/ Yoast SEO plugin. -->","yoast_head_json":{"title":"En suivant ces conseils, vous pourrez facilement entretenir votre aloe vera \u00e0 la maison et profiter de ses nombreux bienfaits pour la sant\u00e9.","description":"Feel Well blog - Discover aloe vera, a plant used for its medicinal properties, and its multiple benefits for health, skin and hair.","robots":{"index":"index","follow":"follow","max-snippet":"max-snippet:-1","max-image-preview":"max-image-preview:large","max-video-preview":"max-video-preview:-1"},"canonical":"https:\/\/feel-well.ch\/it\/l-aloe-vera-un-vero-alleato-per-il-corpo\/","og_locale":"it_IT","og_type":"article","og_title":"En suivant ces conseils, vous pourrez facilement entretenir votre aloe vera \u00e0 la maison et profiter de ses nombreux bienfaits pour la sant\u00e9.","og_description":"Feel Well blog - Discover aloe vera, a plant used for its medicinal properties, and its multiple benefits for health, skin and hair.","og_url":"https:\/\/feel-well.ch\/it\/l-aloe-vera-un-vero-alleato-per-il-corpo\/","og_site_name":"Feel Well","article_published_time":"2023-05-22T19:07:40+00:00","article_modified_time":"2024-04-27T21:08:44+00:00","og_image":[{"width":1707,"height":2560,"url":"https:\/\/feel-well.ch\/wp-content\/uploads\/2023\/05\/feel-well-aloe-vera-1-scaled.jpg","type":"image\/jpeg"}],"author":"Thomas","twitter_card":"summary_large_image","twitter_misc":{"Scritto da":"Thomas","Tempo di lettura stimato":"11 minuti"},"schema":{"@context":"https:\/\/schema.org","@graph":[{"@type":"Article","@id":"https:\/\/feel-well.ch\/it\/l-aloe-vera-un-vero-alleato-per-il-corpo\/#article","isPartOf":{"@id":"https:\/\/feel-well.ch\/it\/l-aloe-vera-un-vero-alleato-per-il-corpo\/"},"author":{"name":"Thomas","@id":"https:\/\/feel-well.ch\/it\/#\/schema\/person\/89367ff32d9b0a6da660911d9c981c11"},"headline":"L&#8217;aloe vera, un vero alleato per il corpo","datePublished":"2023-05-22T19:07:40+00:00","dateModified":"2024-04-27T21:08:44+00:00","mainEntityOfPage":{"@id":"https:\/\/feel-well.ch\/it\/l-aloe-vera-un-vero-alleato-per-il-corpo\/"},"wordCount":1965,"commentCount":0,"image":{"@id":"https:\/\/feel-well.ch\/it\/l-aloe-vera-un-vero-alleato-per-il-corpo\/#primaryimage"},"thumbnailUrl":"https:\/\/feel-well.ch\/wp-content\/uploads\/2023\/05\/feel-well-aloe-vera-1-scaled.jpg","articleSection":["Informazioni aggiuntive"],"inLanguage":"it-IT","potentialAction":[{"@type":"CommentAction","name":"Comment","target":["https:\/\/feel-well.ch\/it\/l-aloe-vera-un-vero-alleato-per-il-corpo\/#respond"]}]},{"@type":"WebPage","@id":"https:\/\/feel-well.ch\/it\/l-aloe-vera-un-vero-alleato-per-il-corpo\/","url":"https:\/\/feel-well.ch\/it\/l-aloe-vera-un-vero-alleato-per-il-corpo\/","name":"En suivant ces conseils, vous pourrez facilement entretenir votre aloe vera \u00e0 la maison et profiter de ses nombreux bienfaits pour la sant\u00e9.","isPartOf":{"@id":"https:\/\/feel-well.ch\/it\/#website"},"primaryImageOfPage":{"@id":"https:\/\/feel-well.ch\/it\/l-aloe-vera-un-vero-alleato-per-il-corpo\/#primaryimage"},"image":{"@id":"https:\/\/feel-well.ch\/it\/l-aloe-vera-un-vero-alleato-per-il-corpo\/#primaryimage"},"thumbnailUrl":"https:\/\/feel-well.ch\/wp-content\/uploads\/2023\/05\/feel-well-aloe-vera-1-scaled.jpg","datePublished":"2023-05-22T19:07:40+00:00","dateModified":"2024-04-27T21:08:44+00:00","author":{"@id":"https:\/\/feel-well.ch\/it\/#\/schema\/person\/89367ff32d9b0a6da660911d9c981c11"},"description":"Feel Well blog - Discover aloe vera, a plant used for its medicinal properties, and its multiple benefits for health, skin and hair.","breadcrumb":{"@id":"https:\/\/feel-well.ch\/it\/l-aloe-vera-un-vero-alleato-per-il-corpo\/#breadcrumb"},"inLanguage":"it-IT","potentialAction":[{"@type":"ReadAction","target":["https:\/\/feel-well.ch\/it\/l-aloe-vera-un-vero-alleato-per-il-corpo\/"]}]},{"@type":"ImageObject","inLanguage":"it-IT","@id":"https:\/\/feel-well.ch\/it\/l-aloe-vera-un-vero-alleato-per-il-corpo\/#primaryimage","url":"https:\/\/feel-well.ch\/wp-content\/uploads\/2023\/05\/feel-well-aloe-vera-1-scaled.jpg","contentUrl":"https:\/\/feel-well.ch\/wp-content\/uploads\/2023\/05\/feel-well-aloe-vera-1-scaled.jpg","width":1707,"height":2560},{"@type":"BreadcrumbList","@id":"https:\/\/feel-well.ch\/it\/l-aloe-vera-un-vero-alleato-per-il-corpo\/#breadcrumb","itemListElement":[{"@type":"ListItem","position":1,"name":"Accueil","item":"https:\/\/feel-well.ch\/it\/"},{"@type":"ListItem","position":2,"name":"L&rsquo;aloe vera, un vero alleato per il corpo"}]},{"@type":"WebSite","@id":"https:\/\/feel-well.ch\/it\/#website","url":"https:\/\/feel-well.ch\/it\/","name":"Feel Well","description":"","potentialAction":[{"@type":"SearchAction","target":{"@type":"EntryPoint","urlTemplate":"https:\/\/feel-well.ch\/it\/?s={search_term_string}"},"query-input":{"@type":"PropertyValueSpecification","valueRequired":true,"valueName":"search_term_string"}}],"inLanguage":"it-IT"},{"@type":"Person","@id":"https:\/\/feel-well.ch\/it\/#\/schema\/person\/89367ff32d9b0a6da660911d9c981c11","name":"Thomas","image":{"@type":"ImageObject","inLanguage":"it-IT","@id":"https:\/\/secure.gravatar.com\/avatar\/c25c64dba12d0ee1fea0f51bf0ac6a87070e029b8663b9125072d064c6414f92?s=96&d=mm&r=g","url":"https:\/\/secure.gravatar.com\/avatar\/c25c64dba12d0ee1fea0f51bf0ac6a87070e029b8663b9125072d064c6414f92?s=96&d=mm&r=g","contentUrl":"https:\/\/secure.gravatar.com\/avatar\/c25c64dba12d0ee1fea0f51bf0ac6a87070e029b8663b9125072d064c6414f92?s=96&d=mm&r=g","caption":"Thomas"},"sameAs":["https:\/\/feel-well.ch"]}]}},"_links":{"self":[{"href":"https:\/\/feel-well.ch\/it\/wp-json\/wp\/v2\/posts\/2484","targetHints":{"allow":["GET"]}}],"collection":[{"href":"https:\/\/feel-well.ch\/it\/wp-json\/wp\/v2\/posts"}],"about":[{"href":"https:\/\/feel-well.ch\/it\/wp-json\/wp\/v2\/types\/post"}],"author":[{"embeddable":true,"href":"https:\/\/feel-well.ch\/it\/wp-json\/wp\/v2\/users\/1"}],"replies":[{"embeddable":true,"href":"https:\/\/feel-well.ch\/it\/wp-json\/wp\/v2\/comments?post=2484"}],"version-history":[{"count":1,"href":"https:\/\/feel-well.ch\/it\/wp-json\/wp\/v2\/posts\/2484\/revisions"}],"predecessor-version":[{"id":2498,"href":"https:\/\/feel-well.ch\/it\/wp-json\/wp\/v2\/posts\/2484\/revisions\/2498"}],"wp:featuredmedia":[{"embeddable":true,"href":"https:\/\/feel-well.ch\/it\/wp-json\/wp\/v2\/media\/2485"}],"wp:attachment":[{"href":"https:\/\/feel-well.ch\/it\/wp-json\/wp\/v2\/media?parent=2484"}],"wp:term":[{"taxonomy":"category","embeddable":true,"href":"https:\/\/feel-well.ch\/it\/wp-json\/wp\/v2\/categories?post=2484"},{"taxonomy":"post_tag","embeddable":true,"href":"https:\/\/feel-well.ch\/it\/wp-json\/wp\/v2\/tags?post=2484"}],"curies":[{"name":"wp","href":"https:\/\/api.w.org\/{rel}","templated":true}]}}